{"id":111,"date":"2016-05-06T12:11:28","date_gmt":"2016-05-06T11:11:28","guid":{"rendered":"http:\/\/herve-loevenbruck.com\/?p=111"},"modified":"2018-03-20T21:10:23","modified_gmt":"2018-03-20T20:10:23","slug":"e-reputation-cnil","status":"publish","type":"post","link":"https:\/\/herve-loevenbruck.com\/?p=111","title":{"rendered":"E-r\u00e9putation : de plus en plus de plaintes \u00e0 la CNIL"},"content":{"rendered":"<div id=\"attachment_114\" style=\"width: 351px\" class=\"wp-caption aligncenter\"><a href=\"http:\/\/herve-loevenbruck.com\/wp-content\/uploads\/2016\/05\/ereputation2.jpg\"><img aria-describedby=\"caption-attachment-114\" loading=\"lazy\" class=\"size-full wp-image-114\" src=\"http:\/\/herve-loevenbruck.com\/wp-content\/uploads\/2016\/05\/ereputation2.jpg\" alt=\"E-r\u00e9putation ?\" width=\"341\" height=\"148\" srcset=\"https:\/\/herve-loevenbruck.com\/wp-content\/uploads\/2016\/05\/ereputation2.jpg 341w, https:\/\/herve-loevenbruck.com\/wp-content\/uploads\/2016\/05\/ereputation2-300x130.jpg 300w\" sizes=\"(max-width: 341px) 100vw, 341px\" \/><\/a><p id=\"caption-attachment-114\" class=\"wp-caption-text\">E-r\u00e9putation<\/p><\/div>\n<p style=\"text-align: justify;\">Dans un communiqu\u00e9 publi\u00e9 le 8 avril sur son site, la CNIL a annonc\u00e9 que l&rsquo;ann\u00e9e 2015 avait connu un record de plaintes de citoyens concernant l&rsquo;e-r\u00e9putation. La Commission nationale de l&rsquo;informatique et des libert\u00e9s a enregistr\u00e9 7\u00a0908 plaintes, contre 5 802 en 2014. Il y a eu donc une augmentation notable de plus de 36% des plaintes en un an.<!--more--><\/p>\n<p style=\"text-align: justify;\"><a href=\"http:\/\/portail.free.fr\/actualites\/eco\/6344701_20160504_e-reputation-les-francais-adressent-de-plus-en-plus-de-plaintes-a-la-cnil-04-05.html#w76wOzZd3hGrzG7f.99\" target=\"_blank\">Vid\u00e9o explicative sur BFM Business<\/a> ! Avec : Christiane F\u00e9ral-Schuhl (avocate sp\u00e9cialiste du droit des technologies), Olivier Cimeli\u00e8re (fondateur d&rsquo;Heuristik Communication) et Pascal Samama \u00a0(journaliste chez bfmbusiness.com).\u00a0<\/p>\n<p style=\"text-align: justify;\">Emission du mercredi 4 mai 2016, pr\u00e9sent\u00e9 par S\u00e9bastien Couasnon, sur <a href=\"http:\/\/hightech.bfmtv.com\/\" target=\"_blank\">BFM Business Hight Tech<\/a>.<\/p>\n","protected":false},"excerpt":{"rendered":"<p>Dans un communiqu\u00e9 publi\u00e9 le 8 avril sur son site, la CNIL a annonc\u00e9 que l&rsquo;ann\u00e9e 2015 avait connu un record de plaintes de citoyens concernant l&rsquo;e-r\u00e9putation. La Commission nationale de l&rsquo;informatique et des libert\u00e9s&#8230;<\/p>\n","protected":false},"author":1,"featured_media":180,"comment_status":"closed","ping_status":"closed","sticky":false,"template":"","format":"standard","meta":{"_mi_skip_tracking":false},"categories":[3],"tags":[],"yoast_head":"<!-- This site is optimized with the Yoast SEO plugin v17.5 - https:\/\/yoast.com\/wordpress\/plugins\/seo\/ -->\n<title>E-r\u00e9putation : les fran\u00e7ais se plaignent davantage \u00e0 la CNIL<\/title>\n<meta name=\"description\" content=\"36% d&#039;augmentation des plaintes en 1 an ! La CNIL a enregistr\u00e9 7 908 plaintes pour des probl\u00e8mes li\u00e9s \u00e0 la e-r\u00e9putation en 2015 contre 5 802 en 2014.\" \/>\n<meta name=\"robots\" content=\"index, follow, max-snippet:-1, max-image-preview:large, max-video-preview:-1\" \/>\n<link rel=\"canonical\" href=\"https:\/\/herve-loevenbruck.com\/?p=111\" \/>\n<meta property=\"og:locale\" content=\"fr_FR\" \/>\n<meta property=\"og:type\" content=\"article\" \/>\n<meta property=\"og:title\" content=\"E-r\u00e9putation : les fran\u00e7ais se plaignent davantage \u00e0 la CNIL\" \/>\n<meta property=\"og:description\" content=\"36% d&#039;augmentation des plaintes en 1 an ! La CNIL a enregistr\u00e9 7 908 plaintes pour des probl\u00e8mes li\u00e9s \u00e0 la e-r\u00e9putation en 2015 contre 5 802 en 2014.\" \/>\n<meta property=\"og:url\" content=\"https:\/\/herve-loevenbruck.com\/?p=111\" \/>\n<meta property=\"og:site_name\" content=\"DIGITAL Marketing &amp; e-R\u00e9putation \/ FORMATION \/ Community Management \/ RGPD \/ Montpellier Grand Sud \/ 06 77 08 64 64\" \/>\n<meta property=\"article:publisher\" content=\"https:\/\/www.facebook.com\/herve.loevenbruck\" \/>\n<meta property=\"article:author\" content=\"https:\/\/www.facebook.com\/herve.loevenbruck\" \/>\n<meta property=\"article:published_time\" content=\"2016-05-06T11:11:28+00:00\" \/>\n<meta property=\"article:modified_time\" content=\"2018-03-20T20:10:23+00:00\" \/>\n<meta property=\"og:image\" content=\"https:\/\/herve-loevenbruck.com\/wp-content\/uploads\/2016\/05\/logo_cnil2.png\" \/>\n\t<meta property=\"og:image:width\" content=\"576\" \/>\n\t<meta property=\"og:image:height\" content=\"300\" \/>\n<meta name=\"twitter:card\" content=\"summary_large_image\" \/>\n<meta name=\"twitter:creator\" content=\"@Rv_Loevenbruck\" \/>\n<meta name=\"twitter:site\" content=\"@Rv_Loevenbruck\" \/>\n<meta name=\"twitter:label1\" content=\"\u00c9crit par\" \/>\n\t<meta name=\"twitter:data1\" content=\"Herv\u00e9 Loevenbruck\" \/>\n\t<meta name=\"twitter:label2\" content=\"Dur\u00e9e de lecture est.\" \/>\n\t<meta name=\"twitter:data2\" content=\"1 minute\" \/>\n<script type=\"application\/ld+json\" class=\"yoast-schema-graph\">{\"@context\":\"https:\/\/schema.org\",\"@graph\":[{\"@type\":\"WebSite\",\"@id\":\"https:\/\/herve-loevenbruck.com\/#website\",\"url\":\"https:\/\/herve-loevenbruck.com\/\",\"name\":\"DIGITAL Marketing &amp; e-R\\u00e9putation \/ FORMATION \/ Community Management \/ RGPD \/ Montpellier Grand Sud \/ 06 77 08 64 64\",\"description\":\"Le cyberfolio d&#039;Herv\\u00e9 Loevenbruck\",\"potentialAction\":[{\"@type\":\"SearchAction\",\"target\":{\"@type\":\"EntryPoint\",\"urlTemplate\":\"https:\/\/herve-loevenbruck.com\/?s={search_term_string}\"},\"query-input\":\"required name=search_term_string\"}],\"inLanguage\":\"fr-FR\"},{\"@type\":\"ImageObject\",\"@id\":\"https:\/\/herve-loevenbruck.com\/?p=111#primaryimage\",\"inLanguage\":\"fr-FR\",\"url\":\"https:\/\/herve-loevenbruck.com\/wp-content\/uploads\/2016\/05\/logo_cnil2.png\",\"contentUrl\":\"https:\/\/herve-loevenbruck.com\/wp-content\/uploads\/2016\/05\/logo_cnil2.png\",\"width\":576,\"height\":300,\"caption\":\"Logo CNIL\"},{\"@type\":\"WebPage\",\"@id\":\"https:\/\/herve-loevenbruck.com\/?p=111#webpage\",\"url\":\"https:\/\/herve-loevenbruck.com\/?p=111\",\"name\":\"E-r\\u00e9putation : les fran\\u00e7ais se plaignent davantage \\u00e0 la CNIL\",\"isPartOf\":{\"@id\":\"https:\/\/herve-loevenbruck.com\/#website\"},\"primaryImageOfPage\":{\"@id\":\"https:\/\/herve-loevenbruck.com\/?p=111#primaryimage\"},\"datePublished\":\"2016-05-06T11:11:28+00:00\",\"dateModified\":\"2018-03-20T20:10:23+00:00\",\"author\":{\"@id\":\"https:\/\/herve-loevenbruck.com\/#\/schema\/person\/3040dc9bb32a3a88803febd56b1221de\"},\"description\":\"36% d'augmentation des plaintes en 1 an ! La CNIL a enregistr\\u00e9 7 908 plaintes pour des probl\\u00e8mes li\\u00e9s \\u00e0 la e-r\\u00e9putation en 2015 contre 5 802 en 2014.\",\"breadcrumb\":{\"@id\":\"https:\/\/herve-loevenbruck.com\/?p=111#breadcrumb\"},\"inLanguage\":\"fr-FR\",\"potentialAction\":[{\"@type\":\"ReadAction\",\"target\":[\"https:\/\/herve-loevenbruck.com\/?p=111\"]}]},{\"@type\":\"BreadcrumbList\",\"@id\":\"https:\/\/herve-loevenbruck.com\/?p=111#breadcrumb\",\"itemListElement\":[{\"@type\":\"ListItem\",\"position\":1,\"name\":\"Accueil\",\"item\":\"https:\/\/herve-loevenbruck.com\/\"},{\"@type\":\"ListItem\",\"position\":2,\"name\":\"Articles\",\"item\":\"https:\/\/herve-loevenbruck.com\/?cat=3\"},{\"@type\":\"ListItem\",\"position\":3,\"name\":\"E-r\\u00e9putation : de plus en plus de plaintes \\u00e0 la CNIL\"}]},{\"@type\":\"Person\",\"@id\":\"https:\/\/herve-loevenbruck.com\/#\/schema\/person\/3040dc9bb32a3a88803febd56b1221de\",\"name\":\"Herv\\u00e9 Loevenbruck\",\"image\":{\"@type\":\"ImageObject\",\"@id\":\"https:\/\/herve-loevenbruck.com\/#personlogo\",\"inLanguage\":\"fr-FR\",\"url\":\"https:\/\/secure.gravatar.com\/avatar\/21de11450677dfb0123c8f6807e11c26?s=96&d=mm&r=g\",\"contentUrl\":\"https:\/\/secure.gravatar.com\/avatar\/21de11450677dfb0123c8f6807e11c26?s=96&d=mm&r=g\",\"caption\":\"Herv\\u00e9 Loevenbruck\"},\"sameAs\":[\"http:\/\/www.herve-loevenbruck.com\",\"https:\/\/www.facebook.com\/herve.loevenbruck\",\"https:\/\/www.linkedin.com\/in\/herve-loevenbruck\/\",\"https:\/\/twitter.com\/Rv_Loevenbruck\"]}]}<\/script>\n<!-- \/ Yoast SEO plugin. -->","yoast_head_json":{"title":"E-r\u00e9putation : les fran\u00e7ais se plaignent davantage \u00e0 la CNIL","description":"36% d'augmentation des plaintes en 1 an ! La CNIL a enregistr\u00e9 7 908 plaintes pour des probl\u00e8mes li\u00e9s \u00e0 la e-r\u00e9putation en 2015 contre 5 802 en 2014.","robots":{"index":"index","follow":"follow","max-snippet":"max-snippet:-1","max-image-preview":"max-image-preview:large","max-video-preview":"max-video-preview:-1"},"canonical":"https:\/\/herve-loevenbruck.com\/?p=111","og_locale":"fr_FR","og_type":"article","og_title":"E-r\u00e9putation : les fran\u00e7ais se plaignent davantage \u00e0 la CNIL","og_description":"36% d'augmentation des plaintes en 1 an ! La CNIL a enregistr\u00e9 7 908 plaintes pour des probl\u00e8mes li\u00e9s \u00e0 la e-r\u00e9putation en 2015 contre 5 802 en 2014.","og_url":"https:\/\/herve-loevenbruck.com\/?p=111","og_site_name":"DIGITAL Marketing &amp; e-R\u00e9putation \/ FORMATION \/ Community Management \/ RGPD \/ Montpellier Grand Sud \/ 06 77 08 64 64","article_publisher":"https:\/\/www.facebook.com\/herve.loevenbruck","article_author":"https:\/\/www.facebook.com\/herve.loevenbruck","article_published_time":"2016-05-06T11:11:28+00:00","article_modified_time":"2018-03-20T20:10:23+00:00","og_image":[{"width":576,"height":300,"url":"https:\/\/herve-loevenbruck.com\/wp-content\/uploads\/2016\/05\/logo_cnil2.png","type":"image\/png"}],"twitter_card":"summary_large_image","twitter_creator":"@Rv_Loevenbruck","twitter_site":"@Rv_Loevenbruck","twitter_misc":{"\u00c9crit par":"Herv\u00e9 Loevenbruck","Dur\u00e9e de lecture est.":"1 minute"},"schema":{"@context":"https:\/\/schema.org","@graph":[{"@type":"WebSite","@id":"https:\/\/herve-loevenbruck.com\/#website","url":"https:\/\/herve-loevenbruck.com\/","name":"DIGITAL Marketing &amp; e-R\u00e9putation \/ FORMATION \/ Community Management \/ RGPD \/ Montpellier Grand Sud \/ 06 77 08 64 64","description":"Le cyberfolio d&#039;Herv\u00e9 Loevenbruck","potentialAction":[{"@type":"SearchAction","target":{"@type":"EntryPoint","urlTemplate":"https:\/\/herve-loevenbruck.com\/?s={search_term_string}"},"query-input":"required name=search_term_string"}],"inLanguage":"fr-FR"},{"@type":"ImageObject","@id":"https:\/\/herve-loevenbruck.com\/?p=111#primaryimage","inLanguage":"fr-FR","url":"https:\/\/herve-loevenbruck.com\/wp-content\/uploads\/2016\/05\/logo_cnil2.png","contentUrl":"https:\/\/herve-loevenbruck.com\/wp-content\/uploads\/2016\/05\/logo_cnil2.png","width":576,"height":300,"caption":"Logo CNIL"},{"@type":"WebPage","@id":"https:\/\/herve-loevenbruck.com\/?p=111#webpage","url":"https:\/\/herve-loevenbruck.com\/?p=111","name":"E-r\u00e9putation : les fran\u00e7ais se plaignent davantage \u00e0 la CNIL","isPartOf":{"@id":"https:\/\/herve-loevenbruck.com\/#website"},"primaryImageOfPage":{"@id":"https:\/\/herve-loevenbruck.com\/?p=111#primaryimage"},"datePublished":"2016-05-06T11:11:28+00:00","dateModified":"2018-03-20T20:10:23+00:00","author":{"@id":"https:\/\/herve-loevenbruck.com\/#\/schema\/person\/3040dc9bb32a3a88803febd56b1221de"},"description":"36% d'augmentation des plaintes en 1 an ! La CNIL a enregistr\u00e9 7 908 plaintes pour des probl\u00e8mes li\u00e9s \u00e0 la e-r\u00e9putation en 2015 contre 5 802 en 2014.","breadcrumb":{"@id":"https:\/\/herve-loevenbruck.com\/?p=111#breadcrumb"},"inLanguage":"fr-FR","potentialAction":[{"@type":"ReadAction","target":["https:\/\/herve-loevenbruck.com\/?p=111"]}]},{"@type":"BreadcrumbList","@id":"https:\/\/herve-loevenbruck.com\/?p=111#breadcrumb","itemListElement":[{"@type":"ListItem","position":1,"name":"Accueil","item":"https:\/\/herve-loevenbruck.com\/"},{"@type":"ListItem","position":2,"name":"Articles","item":"https:\/\/herve-loevenbruck.com\/?cat=3"},{"@type":"ListItem","position":3,"name":"E-r\u00e9putation : de plus en plus de plaintes \u00e0 la CNIL"}]},{"@type":"Person","@id":"https:\/\/herve-loevenbruck.com\/#\/schema\/person\/3040dc9bb32a3a88803febd56b1221de","name":"Herv\u00e9 Loevenbruck","image":{"@type":"ImageObject","@id":"https:\/\/herve-loevenbruck.com\/#personlogo","inLanguage":"fr-FR","url":"https:\/\/secure.gravatar.com\/avatar\/21de11450677dfb0123c8f6807e11c26?s=96&d=mm&r=g","contentUrl":"https:\/\/secure.gravatar.com\/avatar\/21de11450677dfb0123c8f6807e11c26?s=96&d=mm&r=g","caption":"Herv\u00e9 Loevenbruck"},"sameAs":["http:\/\/www.herve-loevenbruck.com","https:\/\/www.facebook.com\/herve.loevenbruck","https:\/\/www.linkedin.com\/in\/herve-loevenbruck\/","https:\/\/twitter.com\/Rv_Loevenbruck"]}]}},"_links":{"self":[{"href":"https:\/\/herve-loevenbruck.com\/index.php?rest_route=\/wp\/v2\/posts\/111"}],"collection":[{"href":"https:\/\/herve-loevenbruck.com\/index.php?rest_route=\/wp\/v2\/posts"}],"about":[{"href":"https:\/\/herve-loevenbruck.com\/index.php?rest_route=\/wp\/v2\/types\/post"}],"author":[{"embeddable":true,"href":"https:\/\/herve-loevenbruck.com\/index.php?rest_route=\/wp\/v2\/users\/1"}],"replies":[{"embeddable":true,"href":"https:\/\/herve-loevenbruck.com\/index.php?rest_route=%2Fwp%2Fv2%2Fcomments&post=111"}],"version-history":[{"count":7,"href":"https:\/\/herve-loevenbruck.com\/index.php?rest_route=\/wp\/v2\/posts\/111\/revisions"}],"predecessor-version":[{"id":181,"href":"https:\/\/herve-loevenbruck.com\/index.php?rest_route=\/wp\/v2\/posts\/111\/revisions\/181"}],"wp:featuredmedia":[{"embeddable":true,"href":"https:\/\/herve-loevenbruck.com\/index.php?rest_route=\/wp\/v2\/media\/180"}],"wp:attachment":[{"href":"https:\/\/herve-loevenbruck.com\/index.php?rest_route=%2Fwp%2Fv2%2Fmedia&parent=111"}],"wp:term":[{"taxonomy":"category","embeddable":true,"href":"https:\/\/herve-loevenbruck.com\/index.php?rest_route=%2Fwp%2Fv2%2Fcategories&post=111"},{"taxonomy":"post_tag","embeddable":true,"href":"https:\/\/herve-loevenbruck.com\/index.php?rest_route=%2Fwp%2Fv2%2Ftags&post=111"}],"curies":[{"name":"wp","href":"https:\/\/api.w.org\/{rel}","templated":true}]}}